{"id":4974,"date":"2021-09-10T16:04:47","date_gmt":"2021-09-10T13:04:47","guid":{"rendered":"https:\/\/www.klimik.org.tr\/koronavirus\/?p=4974"},"modified":"2021-09-13T16:21:04","modified_gmt":"2021-09-13T13:21:04","slug":"biz-artik-okullari-kapatabilecek-durumda-degiliz-okullari-acik-tutabilmek-icin-yogun-caba-harcamaliyiz","status":"publish","type":"post","link":"https:\/\/www.klimik.org.tr\/koronavirus\/biz-artik-okullari-kapatabilecek-durumda-degiliz-okullari-acik-tutabilmek-icin-yogun-caba-harcamaliyiz\/","title":{"rendered":"Biz Art\u0131k Okullar\u0131 Kapatabilecek Durumda De\u011filiz, Okullar\u0131 A\u00e7\u0131k Tutabilmek \u0130\u00e7in Yo\u011fun \u00c7aba Harcamal\u0131y\u0131z"},"content":{"rendered":"<p><strong>T\u00fcrk Klinik Mikrobiyoloji ve \u0130nfeksiyon Hastal\u0131klar\u0131 (KL\u0130M\u0130K) Derne\u011fi Genel Sekreteri Prof. Dr. Serap \u015eim\u015fek-Yavuz, salg\u0131nda gelinen nokta, endi\u015fe verici varyantlar ve COVID-19 a\u015f\u0131 uygulamalar\u0131yla ilgili g\u00f6r\u00fc\u015flerini payla\u015f\u0131yor. Okullarda al\u0131nmas\u0131 gereken \u00f6nlemlerle ilgili bilgi veriyor ve okullar\u0131n a\u00e7\u0131k kalabilmesi i\u00e7in ebeveynlerin ve 12 ya\u015f \u00fcst\u00fc \u00e7ocuklar\u0131n a\u015f\u0131lanm\u0131\u015f olmas\u0131n\u0131n \u00f6nemini vurguluyor.<\/strong><\/p>\n","protected":false},"excerpt":{"rendered":"<p>T\u00fcrk Klinik Mikrobiyoloji ve \u0130nfeksiyon Hastal\u0131klar\u0131 (KL\u0130M\u0130K) Derne\u011fi Genel Sekreteri Prof. Dr. Serap \u015eim\u015fek-Yavuz, salg\u0131nda gelinen nokta, endi\u015fe verici varyantlar ve COVID-19 a\u015f\u0131 uygulamalar\u0131yla ilgili g\u00f6r\u00fc\u015flerini payla\u015f\u0131yor. Okullarda al\u0131nmas\u0131 gereken \u00f6nlemlerle ilgili bilgi veriyor ve okullar\u0131n a\u00e7\u0131k kalabilmesi i\u00e7in ebeveynlerin ve 12 ya\u015f \u00fcst\u00fc \u00e7ocuklar\u0131n a\u015f\u0131lanm\u0131\u015f olmas\u0131n\u0131n \u00f6nemini vurguluyor.<\/p>\n","protected":false},"author":4,"featured_media":4975,"comment_status":"open","ping_status":"open","sticky":false,"template":"","format":"video","meta":[],"categories":[1],"tags":[],"_links":{"self":[{"href":"https:\/\/www.klimik.org.tr\/koronavirus\/wp-json\/wp\/v2\/posts\/4974"}],"collection":[{"href":"https:\/\/www.klimik.org.tr\/koronavirus\/wp-json\/wp\/v2\/posts"}],"about":[{"href":"https:\/\/www.klimik.org.tr\/koronavirus\/wp-json\/wp\/v2\/types\/post"}],"author":[{"embeddable":true,"href":"https:\/\/www.klimik.org.tr\/koronavirus\/wp-json\/wp\/v2\/users\/4"}],"replies":[{"embeddable":true,"href":"https:\/\/www.klimik.org.tr\/koronavirus\/wp-json\/wp\/v2\/comments?post=4974"}],"version-history":[{"count":1,"href":"https:\/\/www.klimik.org.tr\/koronavirus\/wp-json\/wp\/v2\/posts\/4974\/revisions"}],"predecessor-version":[{"id":4976,"href":"https:\/\/www.klimik.org.tr\/koronavirus\/wp-json\/wp\/v2\/posts\/4974\/revisions\/4976"}],"wp:featuredmedia":[{"embeddable":true,"href":"https:\/\/www.klimik.org.tr\/koronavirus\/wp-json\/wp\/v2\/media\/4975"}],"wp:attachment":[{"href":"https:\/\/www.klimik.org.tr\/koronavirus\/wp-json\/wp\/v2\/media?parent=4974"}],"wp:term":[{"taxonomy":"category","embeddable":true,"href":"https:\/\/www.klimik.org.tr\/koronavirus\/wp-json\/wp\/v2\/categories?post=4974"},{"taxonomy":"post_tag","embeddable":true,"href":"https:\/\/www.klimik.org.tr\/koronavirus\/wp-json\/wp\/v2\/tags?post=4974"}],"curies":[{"name":"wp","href":"https:\/\/api.w.org\/{rel}","templated":true}]}}